{"id":1299,"date":"2023-09-04T12:41:27","date_gmt":"2023-09-04T10:41:27","guid":{"rendered":"https:\/\/grupaed.uni-landau.de\/lingo-und-parla\/?p=1299"},"modified":"2024-04-15T15:00:44","modified_gmt":"2024-04-15T13:00:44","slug":"die-kleine-wortschmiede","status":"publish","type":"post","link":"https:\/\/grupaed.uni-landau.de\/lingo-und-parla\/allgemein\/die-kleine-wortschmiede\/","title":{"rendered":"Die kleine Wortschmiede"},"content":{"rendered":"\n<div class=\"wp-block-media-text alignwide is-stacked-on-mobile\" style=\"grid-template-columns:36% auto\"><figure class=\"wp-block-media-text__media\"><img loading=\"lazy\" decoding=\"async\" width=\"952\" height=\"1024\" src=\"https:\/\/grupaed.uni-landau.de\/lingo-und-parla\/wp-content\/uploads\/2023\/09\/Die-kleine-Wortschmiede-1-952x1024.jpg\" alt=\"\" class=\"wp-image-1303 size-full\" srcset=\"https:\/\/grupaed.uni-landau.de\/lingo-und-parla\/wp-content\/uploads\/2023\/09\/Die-kleine-Wortschmiede-1-952x1024.jpg 952w, https:\/\/grupaed.uni-landau.de\/lingo-und-parla\/wp-content\/uploads\/2023\/09\/Die-kleine-Wortschmiede-1-279x300.jpg 279w, https:\/\/grupaed.uni-landau.de\/lingo-und-parla\/wp-content\/uploads\/2023\/09\/Die-kleine-Wortschmiede-1-768x826.jpg 768w, https:\/\/grupaed.uni-landau.de\/lingo-und-parla\/wp-content\/uploads\/2023\/09\/Die-kleine-Wortschmiede-1-1428x1536.jpg 1428w, https:\/\/grupaed.uni-landau.de\/lingo-und-parla\/wp-content\/uploads\/2023\/09\/Die-kleine-Wortschmiede-1-1904x2048.jpg 1904w\" sizes=\"auto, (max-width: 952px) 100vw, 952px\" \/><\/figure><div class=\"wp-block-media-text__content\">\n<p class=\"has-luminous-vivid-orange-color has-text-color has-link-color has-normal-font-size wp-elements-164e78dac149485e04b32e3635d5ba54\"><em><strong>Buchvorstellung von Catherine Letourneur, JLU Gie\u00dfen<mark style=\"background-color:rgba(0, 0, 0, 0)\" class=\"has-inline-color has-luminous-vivid-orange-color\"><\/mark><\/strong><\/em><\/p>\n\n\n\n<h2 class=\"wp-block-heading has-vivid-cyan-blue-color has-text-color\">Die kleine Wortschmiede<\/h2>\n\n\n\n<p class=\"has-vivid-cyan-blue-color has-text-color\" style=\"font-size:25px\">Jeden Tag ein neues Wort entdecken<\/p>\n\n\n\n<p class=\"has-black-color has-text-color has-link-color has-normal-font-size wp-elements-b0681918ac45acd8b9cfdbd2ae3e8584\">geschrieben von<strong> Dr. Meredith L. Rowe<\/strong>, aus dem Englischen \u00fcbersetzt von Mareike Heimburger und illustriert von <strong>Monika Forsberg<\/strong><\/p>\n\n\n\n<p class=\"has-black-color has-text-color has-link-color has-normal-font-size wp-elements-100a2cf05940400ac4b71c5a464b82da\">Suhrkamp Insel Verlag 2021<\/p>\n\n\n\n<p class=\"has-black-color has-text-color has-link-color has-normal-font-size wp-elements-bced23e936c68a8cdb9b2e1b281ede05\">Altersempfehlung: ab 4 Jahre<\/p>\n\n\n\n<p class=\"has-black-color has-text-color has-link-color has-normal-font-size wp-elements-52f5006ae9a880424e17f90d482a3826\"><strong>Preis: 13,95 \u20ac<\/strong><\/p>\n\n\n\n<div style=\"height:9px\" aria-hidden=\"true\" class=\"wp-block-spacer\"><\/div>\n\n\n\n<div class=\"wp-block-file\"><a id=\"wp-block-file--media-4b690090-3e45-43d3-a169-fa45c13c4f7d\" href=\"https:\/\/grupaed.uni-landau.de\/lingo-und-parla\/wp-content\/uploads\/2023\/09\/Die-kleine-Wortschmiede-Jeden-Tag-ein-neues-Wort-entdecken.pdf\">Die-kleine-Wortschmiede-Jeden-Tag-ein-neues-Wort-entdecken<\/a><a href=\"https:\/\/grupaed.uni-landau.de\/lingo-und-parla\/wp-content\/uploads\/2023\/09\/Die-kleine-Wortschmiede-Jeden-Tag-ein-neues-Wort-entdecken.pdf\" class=\"wp-block-file__button wp-element-button\" download aria-describedby=\"wp-block-file--media-4b690090-3e45-43d3-a169-fa45c13c4f7d\">Herunterladen<\/a><\/div>\n<\/div><\/div>\n\n\n\n<div style=\"height:40px\" aria-hidden=\"true\" class=\"wp-block-spacer\"><\/div>\n\n\n\n<h2 class=\"wp-block-heading\"><strong>Worum geht es in dem Buch?<\/strong><\/h2>\n\n\n\n<p>In der kleinen Wortschmiede werden W\u00f6rter angeboten, die es in einem thematischen Kontext eingebettet (z.B. auf einem Sportfest, im Supermarkt, in einer Werkstatt oder am Strand), kennenzulernen gilt. Diese Kontexte greifen Alltagserfahrungen von Kindern auf, sodass man in einer Woche im Theater ist und z.B. die W\u00f6rter <em>Applaus<\/em>, <em>Hingabe<\/em>, <em>abseilen <\/em>oder <em>selbstbewusst <\/em>entdecken kann und in einer anderen Woche reist das Buch mit der Klasse in ein Spukschloss und man erf\u00e4hrt etwas \u00fcber W\u00f6rter wie <em>Zwielicht<\/em>, <em>Geist<\/em>, <em>kreischen <\/em>oder <em>bauf\u00e4llig<\/em>. Als Protagonist:innen werden Tiere angeboten, die in knallbunte Illustrationen integriert sind und die als Handlungstr\u00e4ger zwar keine Namen bekommen und nur bildsprachlich pr\u00e4sentiert werden, sich aber im besonderen Ma\u00dfe eignen, eigene Vorstellungen zu entwickeln und unterrichtlich daran anzukn\u00fcpfen. <\/p>\n\n\n\n<p>Jeweils eine Bilderbuchdoppelseite beinhaltet einen thematischen Kontext, in dem die W\u00f6rter (Nomen, Verben und Adjektive) auftauchen und am unteren Rand dann in einer kindgerechten Sprache erkl\u00e4rt werden. Explizit gibt es hier auch W\u00f6rter und deren Bedeutung zu entdecken, die nicht nur aus dem allt\u00e4glichen Sprachgebrauch entnommen werden k\u00f6nnen, sondern es handelt sich auch um W\u00f6rter, die besonders in geschriebener Sprache auftreten und den Sch\u00fcler:innen in Kinder- und Jugendliteratur begegnen.<\/p>\n\n\n\n<p>Das Bilderbuch ist dazu zeitlich strukturiert und so konzipiert, dass pro Woche (Woche 1-52) jeweils 7 W\u00f6rter im Mittelpunkt der Auseinandersetzung stehen k\u00f6nnten.<\/p>\n\n\n\n<p>Am Ende der kleinen Wortschmiede finden sich alle W\u00f6rter alphabetisch sortiert in einem Register, sodass eine \u201everloren\u201c gegangene Bedeutung schnell wieder gefunden werden kann.<\/p>\n\n\n\n<div style=\"height:30px\" aria-hidden=\"true\" class=\"wp-block-spacer\"><\/div>\n\n\n\n<h2 class=\"wp-block-heading\"><strong>Wie kann man das Buch im Unterricht nutzen?<\/strong><\/h2>\n\n\n\n<p>Dieses Buch eignet sich hervorragend dazu, einen Wortschatz zu differenzieren und kindgerecht in einem Kontext zu erfahren. Denkbar w\u00e4re eine unterrichtliche Besch\u00e4ftigung mit jeweils einem Wort des Tages. Wie w\u00fcrdest du die Bedeutung des Wortes erkl\u00e4ren? Passt die Erkl\u00e4rung im Buch? Kennst du noch andere W\u00f6rter, die hier passend sein k\u00f6nnten? In Kombination mit Rechtschreibgespr\u00e4chen k\u00f6nnte das jeweilige Wort orthografisch untersucht und eigene S\u00e4tze damit erfunden werden. Au\u00dferdem k\u00f6nnen eigene, wichtige W\u00f6rter zu einem Thema gesammelt und ein eigenes Bedeutungsw\u00f6rterbuch langfristig, z.B. als <em>Wortschatzportfolio <\/em>angelegt werden. Hier k\u00f6nnen Kinder lernen, die Bedeutung von W\u00f6rtern verst\u00e4ndlich zu erkl\u00e4ren und semantische Relationen weiterzuentwickeln.<\/p>\n\n\n\n<p>An dieser Stelle sei au\u00dferdem auf das Lern- und Arbeitsmaterial von Eva John verwiesen, das von Felicia Bornhoff aus dem Englischen \u00fcbersetzt wurde und im Suhrkamp Verlag online bereitgestellt wird:<\/p>\n\n\n\n<p> <a href=\"https:\/\/media.suhrkamp.de\/mediadelivery\/asset\/c4ace621c26344178cca7703ae4b48f5\/KleineWortschmiede_Lernmaterial?contentdisposition=inline&amp;pk_vid=8e3dba6a5e4ef2cd16336172163610a4\" data-type=\"URL\" data-id=\"https:\/\/media.suhrkamp.de\/mediadelivery\/asset\/c4ace621c26344178cca7703ae4b48f5\/KleineWortschmiede_Lernmaterial?contentdisposition=inline&amp;pk_vid=8e3dba6a5e4ef2cd16336172163610a4\">https:\/\/media.suhrkamp.de\/mediadelivery\/asset\/c4ace621c26344178cca7703ae4b48f5\/KleineWortschmiede_Lernmaterial?contentdisposition=inline&amp;pk_vid=8e3dba6a5e4ef2cd16336172163610a4<\/a> <\/p>\n\n\n\n<p>In diesem Lernmaterial befinden sich viele kreative Ideen und Impulse f\u00fcr z.B. erste Unterrichtsgespr\u00e4che rund um das Bilderbuch, induktive \u00dcbungs- und Entdeckungsaufgaben zur Sprachreflexion und Schreibanl\u00e4sse, die die Fantasie der Bildsprache aufgreifen und Leerstellen individuell f\u00fcllen lassen. In allen Lernangeboten geht es um die Aktivierung des individuellen Vorwissens und die Weiterentwicklung und F\u00f6rderung eines wachsenden Wortschatzes.<\/p>\n\n\n\n<h2 class=\"wp-block-heading has-medium-font-size\"><strong>Zusatztipp:<\/strong><\/h2>\n\n\n\n<p>F\u00fcr eine Lerngruppe mit eher anf\u00e4nglichen Sprachkenntnissen der deutschen Sprache gibt es <em>Die kleine Wortschmiede <\/em>auch mit einem basalen W\u00f6rterangebot. <a href=\"https:\/\/www.suhrkamp.de\/buch\/meredith-l-rowe-die-kleine-wortschmiede-t-9783458179894\" data-type=\"URL\" data-id=\"https:\/\/www.suhrkamp.de\/buch\/meredith-l-rowe-die-kleine-wortschmiede-t-9783458179894\">https:\/\/www.suhrkamp.de\/buch\/meredith-l-rowe-die-kleine-wortschmiede-t-9783458179894<\/a><\/p>\n\n\n\n<div style=\"height:30px\" aria-hidden=\"true\" class=\"wp-block-spacer\"><\/div>\n\n\n\n<h2 class=\"wp-block-heading\"><strong>Was k\u00f6nnen sich Lerner:innen aneignen?<\/strong> &#8211; <strong>Kompetenzziele<\/strong><\/h2>\n\n\n\n<p>Die Kinder \u2026<\/p>\n\n\n\n<p>\u2022 lernen neue W\u00f6rter der deutschen Sprache kennen,<br>\u2022 erweitern ihren Wortschatz,<br>\u2022 reflektieren W\u00f6rter und ihre Bedeutung auf semanticher und orthografischer Ebene,<br>\u2022 sammeln \/ ordnen und strukturieren W\u00f6rter,<br>\u2022 schreiben kurze Erkl\u00e4rtexte,<br>\u2022 entwickeln im Sinne literarischer Lernprozesse eigene Vorstellungen zu Bildern,<br>\u2022 erfinden Namen von Figuren und entwickeln einen Handlungshintergrund,<br>\u2022 arbeiten mit dem alphabetischen Ordnungssystem der deutschen Sprache und finden sich in einem Register zurecht,<br>\u2022 \u2026<\/p>\n\n\n\n<div style=\"height:30px\" aria-hidden=\"true\" class=\"wp-block-spacer\"><\/div>\n\n\n\n<h2 class=\"wp-block-heading\"><strong>Kompetenzbereiche des Faches Deutsch<\/strong><\/h2>\n\n\n\n<div class=\"wp-block-columns is-layout-flex wp-container-core-columns-is-layout-9d6595d7 wp-block-columns-is-layout-flex\">\n<div class=\"wp-block-column is-layout-flow wp-block-column-is-layout-flow\">\n<p>Ko-Konstruktion im Bilderbuchgespr\u00e4ch<\/p>\n\n\n\n<p>Sinnentnehmendes Lesen von bekannten und unbekannten W\u00f6rtern \/ Nutzen des Kontextes<\/p>\n\n\n\n<p>Kurze Sachtexte schreiben, <br>zu literarischen Figuren \/ Kinderliteratur schreiben<\/p>\n\n\n\n<p>Sprachliche Strukturen untersuchen und nutzen<\/p>\n<\/div>\n\n\n\n<div class=\"wp-block-column is-layout-flow wp-block-column-is-layout-flow\">\n<p><em>Sprechen und Zuh\u00f6ren<\/em><\/p>\n\n\n\n<p>Lesen &#8211; <em>Sich mit Texten und anderen Medien auseinandersetzen<\/em><br><\/p>\n\n\n\n<p>Schreiben \u2013<em> Texte verfassen<\/em><br><\/p>\n\n\n\n<p>Sprache und Sprachgebrauch untersuchen<\/p>\n<\/div>\n<\/div>\n\n\n\n<p class=\"has-text-align-right\">Vgl. KMK 2022, Bildungsstandards f\u00fcr das <br>Fach Deutsch Primarbereich<\/p>\n\n\n\n<p> <p><strong>Verfasserin: Catherine Letourneur, 2023<\/strong><\/p> <\/p>\n","protected":false},"excerpt":{"rendered":"<p>In der kleinen Wortschmiede werden W\u00f6rter angeboten, die es in einem thematischen Kontext eingebettet (z.B. auf einem Sportfest, im Supermarkt, in einer Werkstatt oder am Strand), kennenzulernen gilt. Diese Kontexte greifen Alltagserfahrungen von Kindern auf, sodass man in einer Woche im Theater ist und z.B. die W\u00f6rter Applaus, Hingabe, abseilen oder selbstbewusst entdecken kann und in einer anderen Woche reist das Buch mit der Klasse in ein Spukschloss und man erf\u00e4hrt etwas \u00fcber W\u00f6rter wie Zwielicht, Geist, kreischen oder bauf\u00e4llig. Als Protagonist:innen werden Tiere angeboten, die in knallbunte Illustrationen integriert sind und die als Handlungstr\u00e4ger zwar keine Namen bekommen und nur bildsprachlich pr\u00e4sentiert werden, sich aber im besonderen Ma\u00dfe eignen, eigene Vorstellungen zu entwickeln und unterrichtlich daran anzukn\u00fcpfen.<\/p>\n","protected":false},"author":2,"featured_media":1303,"comment_status":"closed","ping_status":"open","sticky":false,"template":"","format":"standard","meta":{"footnotes":""},"categories":[1,96,11],"tags":[98,141,99,7,147,146,150,148,47],"class_list":["post-1299","post","type-post","status-publish","format-standard","has-post-thumbnail","hentry","category-allgemein","category-buchvorstellung","category-material","tag-bilderbuch","tag-buch","tag-buchvorstellung","tag-deutschunterricht","tag-jeden","tag-kleine","tag-neues-wort","tag-tag","tag-wortschatz"],"_links":{"self":[{"href":"https:\/\/grupaed.uni-landau.de\/lingo-und-parla\/wp-json\/wp\/v2\/posts\/1299","targetHints":{"allow":["GET"]}}],"collection":[{"href":"https:\/\/grupaed.uni-landau.de\/lingo-und-parla\/wp-json\/wp\/v2\/posts"}],"about":[{"href":"https:\/\/grupaed.uni-landau.de\/lingo-und-parla\/wp-json\/wp\/v2\/types\/post"}],"author":[{"embeddable":true,"href":"https:\/\/grupaed.uni-landau.de\/lingo-und-parla\/wp-json\/wp\/v2\/users\/2"}],"replies":[{"embeddable":true,"href":"https:\/\/grupaed.uni-landau.de\/lingo-und-parla\/wp-json\/wp\/v2\/comments?post=1299"}],"version-history":[{"count":5,"href":"https:\/\/grupaed.uni-landau.de\/lingo-und-parla\/wp-json\/wp\/v2\/posts\/1299\/revisions"}],"predecessor-version":[{"id":1401,"href":"https:\/\/grupaed.uni-landau.de\/lingo-und-parla\/wp-json\/wp\/v2\/posts\/1299\/revisions\/1401"}],"wp:featuredmedia":[{"embeddable":true,"href":"https:\/\/grupaed.uni-landau.de\/lingo-und-parla\/wp-json\/wp\/v2\/media\/1303"}],"wp:attachment":[{"href":"https:\/\/grupaed.uni-landau.de\/lingo-und-parla\/wp-json\/wp\/v2\/media?parent=1299"}],"wp:term":[{"taxonomy":"category","embeddable":true,"href":"https:\/\/grupaed.uni-landau.de\/lingo-und-parla\/wp-json\/wp\/v2\/categories?post=1299"},{"taxonomy":"post_tag","embeddable":true,"href":"https:\/\/grupaed.uni-landau.de\/lingo-und-parla\/wp-json\/wp\/v2\/tags?post=1299"}],"curies":[{"name":"wp","href":"https:\/\/api.w.org\/{rel}","templated":true}]}}