{"id":1451,"date":"2024-08-19T12:03:27","date_gmt":"2024-08-19T10:03:27","guid":{"rendered":"https:\/\/grupaed.uni-landau.de\/lingo-und-parla\/?p=1451"},"modified":"2024-08-19T12:49:01","modified_gmt":"2024-08-19T10:49:01","slug":"karten-zur-sprachreflexion","status":"publish","type":"post","link":"https:\/\/grupaed.uni-landau.de\/lingo-und-parla\/material\/karten-zur-sprachreflexion\/","title":{"rendered":"Karten zur Sprachreflexion"},"content":{"rendered":"\n<p>Dieses Material beinhaltet mehrere Karten zur Anregung zur Sprachreflexion. Hierbei werden Fragen wie <em>&#8222;Woran erkennt man ein Wort?&#8220;<\/em>, <em>&#8222;Warum ist der t\u00fcrkische Satz k\u00fcrzer?&#8220;<\/em> oder <em>&#8222;Was haben diese W\u00f6rter gemeinsame?&#8220;<\/em> zu dazugeh\u00f6rigen Abbildungen gestellt und auf verschiedene Sprachen und ihre Unterschiede eingegangen.<\/p>\n\n\n\n<div class=\"wp-block-file\"><a id=\"wp-block-file--media-89966944-3714-4fbe-a459-60ac1d6ebb56\" href=\"https:\/\/grupaed.uni-landau.de\/lingo-und-parla\/wp-content\/uploads\/2024\/08\/Kaertchen_zur_Sprachreflektion.pdf\">Kaertchen_zur_Sprachreflektion<\/a><a href=\"https:\/\/grupaed.uni-landau.de\/lingo-und-parla\/wp-content\/uploads\/2024\/08\/Kaertchen_zur_Sprachreflektion.pdf\" class=\"wp-block-file__button wp-element-button\" download aria-describedby=\"wp-block-file--media-89966944-3714-4fbe-a459-60ac1d6ebb56\">Herunterladen<\/a><\/div>\n","protected":false},"excerpt":{"rendered":"<p>Dieses Material beinhaltet mehrere Karten zur Anregung zur Sprachreflexion. Hierbei werden Fragen wie &#8222;Woran erkennt man ein Wort?&#8220;, &#8222;Warum ist der t\u00fcrkische Satz k\u00fcrzer?&#8220; oder &#8222;Was haben diese W\u00f6rter gemeinsame?&#8220; zu dazugeh\u00f6rigen Abbildungen gestellt und auf verschiedene Sprachen und ihre Unterschiede eingegangen.<\/p>\n","protected":false},"author":2,"featured_media":1452,"comment_status":"closed","ping_status":"open","sticky":false,"template":"","format":"standard","meta":{"footnotes":""},"categories":[23,11],"tags":[7,194,5,28],"class_list":["post-1451","post","type-post","status-publish","format-standard","has-post-thumbnail","hentry","category-deutschunterricht","category-material","tag-deutschunterricht","tag-karten","tag-material","tag-sprachvergleich"],"_links":{"self":[{"href":"https:\/\/grupaed.uni-landau.de\/lingo-und-parla\/wp-json\/wp\/v2\/posts\/1451","targetHints":{"allow":["GET"]}}],"collection":[{"href":"https:\/\/grupaed.uni-landau.de\/lingo-und-parla\/wp-json\/wp\/v2\/posts"}],"about":[{"href":"https:\/\/grupaed.uni-landau.de\/lingo-und-parla\/wp-json\/wp\/v2\/types\/post"}],"author":[{"embeddable":true,"href":"https:\/\/grupaed.uni-landau.de\/lingo-und-parla\/wp-json\/wp\/v2\/users\/2"}],"replies":[{"embeddable":true,"href":"https:\/\/grupaed.uni-landau.de\/lingo-und-parla\/wp-json\/wp\/v2\/comments?post=1451"}],"version-history":[{"count":2,"href":"https:\/\/grupaed.uni-landau.de\/lingo-und-parla\/wp-json\/wp\/v2\/posts\/1451\/revisions"}],"predecessor-version":[{"id":1455,"href":"https:\/\/grupaed.uni-landau.de\/lingo-und-parla\/wp-json\/wp\/v2\/posts\/1451\/revisions\/1455"}],"wp:featuredmedia":[{"embeddable":true,"href":"https:\/\/grupaed.uni-landau.de\/lingo-und-parla\/wp-json\/wp\/v2\/media\/1452"}],"wp:attachment":[{"href":"https:\/\/grupaed.uni-landau.de\/lingo-und-parla\/wp-json\/wp\/v2\/media?parent=1451"}],"wp:term":[{"taxonomy":"category","embeddable":true,"href":"https:\/\/grupaed.uni-landau.de\/lingo-und-parla\/wp-json\/wp\/v2\/categories?post=1451"},{"taxonomy":"post_tag","embeddable":true,"href":"https:\/\/grupaed.uni-landau.de\/lingo-und-parla\/wp-json\/wp\/v2\/tags?post=1451"}],"curies":[{"name":"wp","href":"https:\/\/api.w.org\/{rel}","templated":true}]}}