{"id":1640,"date":"2026-02-09T14:56:00","date_gmt":"2026-02-09T13:56:00","guid":{"rendered":"https:\/\/grupaed.uni-landau.de\/lingo-und-parla\/?p=1640"},"modified":"2026-02-18T16:33:15","modified_gmt":"2026-02-18T15:33:15","slug":"ramas-flucht","status":"publish","type":"post","link":"https:\/\/grupaed.uni-landau.de\/lingo-und-parla\/allgemein\/ramas-flucht\/","title":{"rendered":"Ramas Flucht"},"content":{"rendered":"\n<div class=\"wp-block-media-text alignwide is-stacked-on-mobile\" style=\"grid-template-columns:37% auto\"><figure class=\"wp-block-media-text__media\"><img loading=\"lazy\" decoding=\"async\" width=\"552\" height=\"709\" src=\"https:\/\/grupaed.uni-landau.de\/lingo-und-parla\/wp-content\/uploads\/2015\/01\/ramas-flucht.png\" alt=\"\" class=\"wp-image-1642 size-full\" srcset=\"https:\/\/grupaed.uni-landau.de\/lingo-und-parla\/wp-content\/uploads\/2015\/01\/ramas-flucht.png 552w, https:\/\/grupaed.uni-landau.de\/lingo-und-parla\/wp-content\/uploads\/2015\/01\/ramas-flucht-234x300.png 234w\" sizes=\"auto, (max-width: 552px) 100vw, 552px\" \/><\/figure><div class=\"wp-block-media-text__content\">\n<p class=\"has-luminous-vivid-orange-color has-text-color has-link-color has-normal-font-size wp-elements-4bdc44fd494bd210bd6932bdb7fe5aaa\"><em><strong>Buchvorstellung von Catherine Letourneur<\/strong><\/em> (Grundschullehrkraft, systemische P\u00e4dagogin, Fortbildnerin f\u00fcr Lehrkr\u00e4fte, Referentin f\u00fcr Deutschdidaktik)<em><strong><mark style=\"background-color:rgba(0, 0, 0, 0)\" class=\"has-inline-color has-luminous-vivid-orange-color\"><\/mark><\/strong><\/em><\/p>\n\n\n\n<h2 class=\"wp-block-heading has-vivid-cyan-blue-color has-text-color has-link-color has-large-font-size wp-elements-a5a8649a9147daea9d7dbf9d4c08f56c\">Ramas Flucht<\/h2>\n\n\n\n<p class=\"has-black-color has-text-color has-link-color wp-elements-21426d955eafff8410c8d187099a99cd\">geschrieben von <strong>Margriet Ruurs<\/strong> und mit Steinbildern illustriert von <strong>Nizar Ali Badr<\/strong><br>ins Deutsche \u00fcbersetzt von <strong>Ulli und Herbert G\u00fcnther<\/strong><br>arabische Texte von <strong>Falah Raheem<\/strong><\/p>\n\n\n\n<p><\/p>\n\n\n\n<p class=\"has-black-color has-text-color has-link-color wp-elements-865f01bc105e18dbc3ff7354f77c21d0\">Gerstenberger Verlag 2017<\/p>\n\n\n\n<p class=\"has-black-color has-text-color has-link-color wp-elements-d80abd7d394c4d7f8c4090c3079a7473\">Empfehlung f\u00fcr den unterrichtlichen Einsatz: Klasse 3\/4<\/p>\n\n\n\n<p class=\"has-black-color has-text-color has-link-color wp-elements-13ddbadc9f4970a32bebd8a6912c1800\">48 Seiten<\/p>\n\n\n\n<p class=\"has-black-color has-text-color has-link-color wp-elements-db3aa454106a04b97b638f25fea55335\"><strong>Hardcover 12,95 \u20ac<mark style=\"background-color:rgba(0, 0, 0, 0)\" class=\"has-inline-color has-luminous-vivid-orange-color\"><\/mark><\/strong><\/p>\n\n\n\n<p><\/p>\n\n\n\n<div class=\"wp-block-file\"><a id=\"wp-block-file--media-c3d290c6-b28d-4261-adb0-9212b8239497\" href=\"https:\/\/grupaed.uni-landau.de\/lingo-und-parla\/wp-content\/uploads\/2015\/01\/Ramas-Flucht-.pdf\">Ramas Flucht<\/a><a href=\"https:\/\/grupaed.uni-landau.de\/lingo-und-parla\/wp-content\/uploads\/2015\/01\/Ramas-Flucht-.pdf\" class=\"wp-block-file__button wp-element-button\" download aria-describedby=\"wp-block-file--media-c3d290c6-b28d-4261-adb0-9212b8239497\">Herunterladen<\/a><\/div>\n<\/div><\/div>\n\n\n\n<div style=\"height:64px\" aria-hidden=\"true\" class=\"wp-block-spacer\"><\/div>\n\n\n\n<p class=\"has-text-align-center\"><strong><em>\u201e<\/em>Frieden kann nicht durch Gewalt erhalten werden. Er kann nur durch Verst\u00e4ndnis erreicht werden.<em>\u201c <\/em>&nbsp;&nbsp;&nbsp;<\/strong>&nbsp;&nbsp;&nbsp;&nbsp;&nbsp;&nbsp;&nbsp;&nbsp;&nbsp;&nbsp;<\/p>\n\n\n\n<p class=\"has-text-align-right\">Albert Einstein zitiert in Ramas Flucht<\/p>\n\n\n\n<div style=\"height:44px\" aria-hidden=\"true\" class=\"wp-block-spacer\"><\/div>\n\n\n\n<div class=\"wp-block-media-text is-stacked-on-mobile\" style=\"grid-template-columns:24% auto\"><figure class=\"wp-block-media-text__media\"><img loading=\"lazy\" decoding=\"async\" width=\"349\" height=\"525\" src=\"https:\/\/grupaed.uni-landau.de\/lingo-und-parla\/wp-content\/uploads\/2015\/01\/ramas-flucht1.png\" alt=\"\" class=\"wp-image-1644 size-full\" srcset=\"https:\/\/grupaed.uni-landau.de\/lingo-und-parla\/wp-content\/uploads\/2015\/01\/ramas-flucht1.png 349w, https:\/\/grupaed.uni-landau.de\/lingo-und-parla\/wp-content\/uploads\/2015\/01\/ramas-flucht1-199x300.png 199w\" sizes=\"auto, (max-width: 349px) 100vw, 349px\" \/><\/figure><div class=\"wp-block-media-text__content\">\n<p>Das ber\u00fchrende Bilderbuch<em> Ramas Flucht<\/em> erz\u00e4hlt die Geschichte des M\u00e4dchens Rama, ihrem Bruder Sami und ihrer engsten Familie in Syrien.<\/p>\n\n\n\n<p>Zun\u00e4chst schildert die Autorin ein idyllisches, ruhiges und liebevolles Kinderleben in dem der Hahn morgens kr\u00e4ht, es saftige Tomaten aus dem Garten zum Fr\u00fchst\u00fcck gibt und die Familie abends um einen Orangenbaum sitzt und sich Geschichten aus der Vergangenheit erz\u00e4hlt.<\/p>\n\n\n\n<p>Dann bricht der Krieg aus und nach und nach kommen die Gefahren, der Hunger, die Angst und die Bomben dem Lebensort Ramas n\u00e4her. Immer mehr Dorfbe-wohner:innen sammeln Habseligkeiten zusammen und machen sich in gro\u00dfen Str\u00f6men gemeinsam auf, um an einem noch unbekannten Ort Schutz und Zukunft zu finden.<\/p>\n<\/div><\/div>\n\n\n\n<div style=\"height:43px\" aria-hidden=\"true\" class=\"wp-block-spacer\"><\/div>\n\n\n\n<p class=\"has-text-align-center\">Ramas Abschied von den Dingen, Gewohnheiten und Tieren ist bewegend:<br>&nbsp;<em>\u201eIch lag wach und lauschte dem Wind und \u00fcberlegte, ob der Mond anderswo genauso aufgeht wie bei uns.\u201c &nbsp;&nbsp;<\/em><\/p>\n\n\n\n<p class=\"has-text-align-right\">Margriet Ruurs<\/p>\n\n\n\n<p>Rama erz\u00e4hlt von ihrer Flucht. Die Perspektive eines Kindes f\u00fchrt durch Verluste, Umgang mit Trauer, M\u00fcdigkeit und den Erwachsenen, die sie und ihren Bruder versuchen, in eine \u201ehelle Zukunft\u201c zu bringen.<\/p>\n\n\n\n<div class=\"wp-block-columns is-layout-flex wp-container-core-columns-is-layout-9d6595d7 wp-block-columns-is-layout-flex\">\n<div class=\"wp-block-column is-layout-flow wp-block-column-is-layout-flow\" style=\"flex-basis:66.66%\">\n<p>Ramas Fluchtgeschichte hat einen hoffnungsvollen Ausgang im Ankommen an einem schutzbietenden Ort, in der Begegnung mit freundlichen und offenen Menschen und dem R\u00fcckhalt der Familie. So entsteht wieder Raum f\u00fcr neue Erfahrungen und Zuversicht.<\/p>\n\n\n\n<p>Ein besonderes Augenmerk verdienen auch die die Geschichte begleitenden Bilder: Der syrische Bildhauer Nizar Ali Badr hat durch seine Steinbilder viele Kunstwerke geschaffen, die die Geschichte von Rama und ihrer Familie behutsam, zugewandt und zugleich kraftvoll und ergreifend &nbsp;transportieren, die Erz\u00e4hlung aufnehmen und erg\u00e4nzen. Nizar Ali Badr sammelt dazu Steine in der syrischen Hafenstadt Latakia und legt diese auf seinem Dach zu Bildern, die der Erz\u00e4hlung eine emotionale Tiefe verleihen.<\/p>\n<\/div>\n\n\n\n<div class=\"wp-block-column is-layout-flow wp-block-column-is-layout-flow\" style=\"flex-basis:33.33%\">\n<figure class=\"wp-block-image size-full is-resized\"><img loading=\"lazy\" decoding=\"async\" width=\"434\" height=\"564\" src=\"https:\/\/grupaed.uni-landau.de\/lingo-und-parla\/wp-content\/uploads\/2015\/01\/ramas-flucht2.png\" alt=\"\" class=\"wp-image-1645\" style=\"aspect-ratio:0.7694858748945007;width:214px;height:auto\" srcset=\"https:\/\/grupaed.uni-landau.de\/lingo-und-parla\/wp-content\/uploads\/2015\/01\/ramas-flucht2.png 434w, https:\/\/grupaed.uni-landau.de\/lingo-und-parla\/wp-content\/uploads\/2015\/01\/ramas-flucht2-231x300.png 231w\" sizes=\"auto, (max-width: 434px) 100vw, 434px\" \/><\/figure>\n<\/div>\n<\/div>\n\n\n\n<p>Im Nachwort des Buches erz\u00e4hlt die Autorin Margriet Ruurs von ihrer ersten Begegnung mit den Steinbildern des syrischen K\u00fcnstlers und von den Wegen zur Entstehung des gemeinsamen Bilderbuches.<\/p>\n\n\n<div class=\"wp-block-image\">\n<figure class=\"aligncenter size-full is-resized\"><img loading=\"lazy\" decoding=\"async\" width=\"733\" height=\"596\" src=\"https:\/\/grupaed.uni-landau.de\/lingo-und-parla\/wp-content\/uploads\/2015\/01\/ramas-flucht3.png\" alt=\"\" class=\"wp-image-1646\" style=\"width:521px;height:auto\" srcset=\"https:\/\/grupaed.uni-landau.de\/lingo-und-parla\/wp-content\/uploads\/2015\/01\/ramas-flucht3.png 733w, https:\/\/grupaed.uni-landau.de\/lingo-und-parla\/wp-content\/uploads\/2015\/01\/ramas-flucht3-300x244.png 300w\" sizes=\"auto, (max-width: 733px) 100vw, 733px\" \/><\/figure>\n<\/div>\n\n\n<div style=\"height:69px\" aria-hidden=\"true\" class=\"wp-block-spacer\"><\/div>\n\n\n\n<div class=\"wp-block-media-text is-stacked-on-mobile\"><figure class=\"wp-block-media-text__media\"><img loading=\"lazy\" decoding=\"async\" width=\"332\" height=\"221\" src=\"https:\/\/grupaed.uni-landau.de\/lingo-und-parla\/wp-content\/uploads\/2025\/05\/IdeenfuerdenEinsatz.jpg\" alt=\"\" class=\"wp-image-1591 size-full\" srcset=\"https:\/\/grupaed.uni-landau.de\/lingo-und-parla\/wp-content\/uploads\/2025\/05\/IdeenfuerdenEinsatz.jpg 332w, https:\/\/grupaed.uni-landau.de\/lingo-und-parla\/wp-content\/uploads\/2025\/05\/IdeenfuerdenEinsatz-300x200.jpg 300w\" sizes=\"auto, (max-width: 332px) 100vw, 332px\" \/><\/figure><div class=\"wp-block-media-text__content\">\n<p class=\"has-black-color has-text-color has-link-color has-large-font-size wp-elements-297cc65ef125127cd2f7d31a9d7aaac5\"><em><strong>Ideen f\u00fcr Unterricht<\/strong><\/em><\/p>\n\n\n\n<p class=\"has-black-color has-text-color has-link-color wp-elements-bc80f91a8497f3ebc124b3bf0aca2c3a\"><strong>Deutsch (+Kunst +SU)<\/strong><\/p>\n\n\n\n<p class=\"has-vivid-purple-color has-text-color has-link-color has-medium-font-size wp-elements-6447aaff09bf5eab002520165d6161f9\"><strong>M\u00f6gliche Lernangebote<\/strong><\/p>\n\n\n\n<p class=\"has-vivid-cyan-blue-color has-text-color has-link-color wp-elements-fe16fbfeda937233b3caa8901810493a\"><em>ab Klasse <\/em>3<\/p>\n<\/div><\/div>\n\n\n\n<div style=\"height:25px\" aria-hidden=\"true\" class=\"wp-block-spacer\"><\/div>\n\n\n\n<p class=\"has-text-align-center\"><em>Die vorgeschlagenen literarischen Lernaufgaben sind flexibel f\u00fcr alle Kompetenzst\u00e4nde im Deutschunterricht individuell&nbsp; schriftsprachlich anschlussf\u00e4hig und gerne mehrsprachig bearbeitbar und \u00fcbersetzbar. Zus\u00e4tzliche Unterst\u00fctzungsangebote zum Abbau von Barrieren wie H\u00f6rtexte, diktierendes Schreiben oder Audioaufnahmen sollten f\u00fcr die Kinder gewinnbringend und kompetenzf\u00f6rdernd eingesetzt werden.<\/em><\/p>\n\n\n\n<p class=\"has-text-align-center\"><em>Im Leseerwerb sollten die Bilderbuchsachtexte vorgelesen und\/oder h\u00f6rbar gemacht werden. <\/em><em><\/em><\/p>\n\n\n\n<p class=\"has-text-align-center\"><em><em>Es werden au\u00dferdem Hinweise f\u00fcr Ideen im&nbsp;fach\u00fcbergreifenden Lernsettings mit Kunst + Sachunterricht gemacht.<\/em> <\/em><\/p>\n\n\n\n<div style=\"height:25px\" aria-hidden=\"true\" class=\"wp-block-spacer\"><\/div>\n\n\n\n<p class=\"has-medium-font-size\"><strong><strong><strong>Albert Einstein &amp; Frieden &amp; Verst\u00e4ndnis<\/strong><\/strong><\/strong><\/p>\n\n\n\n<p>Die Sch\u00fcler:innen entwickeln eigene Textideen mit Hilfe des Eingangszitats, indem sie dieses als kreativen Schreibanlass nutzen oder einzelne W\u00f6rter als Schreibanlass individuell weiterf\u00fchren.&nbsp;<\/p>\n\n\n\n<div style=\"height:25px\" aria-hidden=\"true\" class=\"wp-block-spacer\"><\/div>\n\n\n\n<p class=\"has-medium-font-size\"><strong><strong><strong>Frei sein<\/strong><\/strong><\/strong><\/p>\n\n\n\n<p>Die Sch\u00fcler:innen setzen sich mit dem Begriff <em>Freiheit<\/em> auseinander und belegen diesen mit diversen Bedeutungszuschreibungen, indem sie zun\u00e4chst in Kleingruppen frei assoziieren und im Anschluss Kinder ihrer Schule dazu befragen und die Aussagen clustern.<\/p>\n\n\n\n<p><em>Die Offenlegung eines vielf\u00e4ltigen Freiheitsbegriffes kann danach (z.B. im Sachunterricht) genutzt werden, um Gelingensbedingungen an der eigenen Schule\/in der Lerngemeinschaft zu diskutieren und einen gemeinsamen Rahmen daf\u00fcr zu entwickeln.<\/em><\/p>\n\n\n\n<div style=\"height:25px\" aria-hidden=\"true\" class=\"wp-block-spacer\"><\/div>\n\n\n\n<p class=\"has-medium-font-size\"><strong><strong><strong>Auf der Suche<\/strong><\/strong><\/strong><\/p>\n\n\n\n<p>Die Sch\u00fcler:innen verbinden ihre rezeptive Perspektive und die Bildwahrnehmung, indem sie die textlose Bilderbuchdoppelseite der Flucht selbst mit Steinen nachlegen und die individuelle Wirkung in einem Gespr\u00e4ch zwischen zwei Protagonistinnen zum Ausdruck bringen.<\/p>\n\n\n\n<div style=\"height:25px\" aria-hidden=\"true\" class=\"wp-block-spacer\"><\/div>\n\n\n\n<p class=\"has-medium-font-size\"><strong><strong><strong><strong>\u201eJetzt tr\u00e4gt uns die Hoffnung voran.\u201c<\/strong><\/strong><\/strong><\/strong><\/p>\n\n\n\n<p>Die Sch\u00fcler:innen nehmen sprachliche und metaphorische Gestaltung aufmerksam wahr, indem sie den Satz mit eigenen Vorstellungsbildern anreichern und sammeln, was ihnen Hoffnung macht und wann sie diese gut brauchen k\u00f6nnen.<\/p>\n\n\n\n<div style=\"height:25px\" aria-hidden=\"true\" class=\"wp-block-spacer\"><\/div>\n\n\n\n<p class=\"has-medium-font-size\"><strong><strong><strong><strong><strong>Tr\u00e4ume in Stein<\/strong><\/strong><\/strong><\/strong><\/strong><\/p>\n\n\n\n<p>Die Sch\u00fcler:innen konkretisieren eigene W\u00fcnsche und Tr\u00e4ume von Frieden, indem sie ihre Traumvorstellungen als Steinbild legen und diese sprachlich konkretisieren (Titel geben, kurze Beschreibung als Audio aufnehmen, Gedicht zum Bild verfassen etc.).<\/p>\n\n\n\n<div style=\"height:25px\" aria-hidden=\"true\" class=\"wp-block-spacer\"><\/div>\n\n\n\n<p class=\"has-medium-font-size\"><strong><strong><strong><strong><strong><strong>Arabische Schrift<\/strong><\/strong><\/strong><\/strong><\/strong><\/strong><\/p>\n\n\n\n<p>Die Sch\u00fclerinnen untersuchen unterschiedliche Alphabetschriften und deren Besonderheiten, indem sie Einblick nehmen in das Schriftsystem anhand der Textbeispiele und Schreibweisen ausprobieren.<\/p>\n\n\n\n<p>Kindern und Erwachsene des Lernsystems mit arabischen Vorkenntnissen k\u00f6nnen hier wertvolle Perspektiven bieten, bei Schreibversuchen unterst\u00fctzen, Fragen beantworten oder Textstellen vorlesen.<\/p>\n\n\n\n<div style=\"height:100px\" aria-hidden=\"true\" class=\"wp-block-spacer\"><\/div>\n\n\n<div class=\"wp-block-image\">\n<figure class=\"aligncenter size-full\"><img loading=\"lazy\" decoding=\"async\" width=\"277\" height=\"167\" src=\"https:\/\/grupaed.uni-landau.de\/lingo-und-parla\/wp-content\/uploads\/2025\/09\/grafik-1.png\" alt=\"\" class=\"wp-image-1611\"\/><\/figure>\n<\/div>","protected":false},"excerpt":{"rendered":"<p>\u201eFrieden kann nicht durch Gewalt erhalten werden. Er kann nur durch Verst\u00e4ndnis erreicht werden.\u201c &nbsp;&nbsp;&nbsp;&nbsp;&nbsp;&nbsp;&nbsp;&nbsp;&nbsp;&nbsp;&nbsp;&nbsp;&nbsp; Albert Einstein zitiert in Ramas Flucht Das ber\u00fchrende Bilderbuch Ramas Flucht erz\u00e4hlt die Geschichte des &#8230;<\/p>\n","protected":false},"author":2,"featured_media":1648,"comment_status":"closed","ping_status":"open","sticky":false,"template":"","format":"standard","meta":{"footnotes":""},"categories":[1,96,11],"tags":[90,99,16,7,163,249,250,28],"class_list":["post-1640","post","type-post","status-publish","format-standard","has-post-thumbnail","hentry","category-allgemein","category-buchvorstellung","category-material","tag-arabisch","tag-buchvorstellung","tag-deutsch","tag-deutschunterricht","tag-flucht","tag-rama","tag-ramas","tag-sprachvergleich"],"_links":{"self":[{"href":"https:\/\/grupaed.uni-landau.de\/lingo-und-parla\/wp-json\/wp\/v2\/posts\/1640","targetHints":{"allow":["GET"]}}],"collection":[{"href":"https:\/\/grupaed.uni-landau.de\/lingo-und-parla\/wp-json\/wp\/v2\/posts"}],"about":[{"href":"https:\/\/grupaed.uni-landau.de\/lingo-und-parla\/wp-json\/wp\/v2\/types\/post"}],"author":[{"embeddable":true,"href":"https:\/\/grupaed.uni-landau.de\/lingo-und-parla\/wp-json\/wp\/v2\/users\/2"}],"replies":[{"embeddable":true,"href":"https:\/\/grupaed.uni-landau.de\/lingo-und-parla\/wp-json\/wp\/v2\/comments?post=1640"}],"version-history":[{"count":5,"href":"https:\/\/grupaed.uni-landau.de\/lingo-und-parla\/wp-json\/wp\/v2\/posts\/1640\/revisions"}],"predecessor-version":[{"id":1655,"href":"https:\/\/grupaed.uni-landau.de\/lingo-und-parla\/wp-json\/wp\/v2\/posts\/1640\/revisions\/1655"}],"wp:featuredmedia":[{"embeddable":true,"href":"https:\/\/grupaed.uni-landau.de\/lingo-und-parla\/wp-json\/wp\/v2\/media\/1648"}],"wp:attachment":[{"href":"https:\/\/grupaed.uni-landau.de\/lingo-und-parla\/wp-json\/wp\/v2\/media?parent=1640"}],"wp:term":[{"taxonomy":"category","embeddable":true,"href":"https:\/\/grupaed.uni-landau.de\/lingo-und-parla\/wp-json\/wp\/v2\/categories?post=1640"},{"taxonomy":"post_tag","embeddable":true,"href":"https:\/\/grupaed.uni-landau.de\/lingo-und-parla\/wp-json\/wp\/v2\/tags?post=1640"}],"curies":[{"name":"wp","href":"https:\/\/api.w.org\/{rel}","templated":true}]}}