{"id":269,"date":"2020-01-22T19:55:47","date_gmt":"2020-01-22T18:55:47","guid":{"rendered":"https:\/\/grupaed.uni-landau.de\/wildemann\/?p=269"},"modified":"2020-04-17T15:10:51","modified_gmt":"2020-04-17T13:10:51","slug":"sprich-es-aus-oder-schreibe-es-auf","status":"publish","type":"post","link":"https:\/\/grupaed.uni-landau.de\/lingo-und-parla\/material\/sprich-es-aus-oder-schreibe-es-auf\/","title":{"rendered":"Sprich es aus oder schreibe es auf!"},"content":{"rendered":"\n<p>In diesem Materialpaket finden Sie Materialien, die sich sprachvergleichend mit Buchstaben besch\u00e4ftigen. Es werden andere Alphabete (das griechische und das kyrillische) mit dem lateinischen verglichen. In anderen Aufgaben werden die Alphabete verschiedener Sprachen, die der lateinischen Schrift folgen, gegen\u00fcbergestellt und im Hinblick auf ihre Gemeinsamkeiten und Unterschiede verglichen. Durch Aufgaben dieser Art lernen Sch\u00fclerinnen und Sch\u00fcler auf Schreibweisen und Aussprache zu achten, was nicht nur im Fremdsprachenunterricht erstrebenswert ist, sondern auch bspw. beim Erlernen und Anwenden von Orthographieregeln.<\/p>\n\n\n\n<div class=\"wp-block-file\"><a href=\"https:\/\/grupaed.uni-landau.de\/lingo-und-parla\/wp-content\/uploads\/2020\/03\/Sprich-es-aus-Alphabete-im-Vergleich.pdf\">Sprich-es-aus-Alphabete-im-Vergleich<\/a><a href=\"https:\/\/grupaed.uni-landau.de\/lingo-und-parla\/wp-content\/uploads\/2020\/03\/Sprich-es-aus-Alphabete-im-Vergleich.pdf\" class=\"wp-block-file__button\" download>Herunterladen<\/a><\/div>\n\n\n\n<div class=\"wp-block-file\"><a href=\"https:\/\/grupaed.uni-landau.de\/lingo-und-parla\/wp-content\/uploads\/2020\/03\/Sprich-es-aus-kyrillische-buchstaben.pdf\">Sprich-es-aus-kyrillische-buchstaben<\/a><a href=\"https:\/\/grupaed.uni-landau.de\/lingo-und-parla\/wp-content\/uploads\/2020\/03\/Sprich-es-aus-kyrillische-buchstaben.pdf\" class=\"wp-block-file__button\" download>Herunterladen<\/a><\/div>\n\n\n\n<div class=\"wp-block-file\"><a href=\"https:\/\/grupaed.uni-landau.de\/lingo-und-parla\/wp-content\/uploads\/2020\/03\/Herr-M\u00fcller-Buchstaben-vergleichen.pdf\">Herr-M\u00fcller-Buchstaben-vergleichen<\/a><a href=\"https:\/\/grupaed.uni-landau.de\/lingo-und-parla\/wp-content\/uploads\/2020\/03\/Herr-M\u00fcller-Buchstaben-vergleichen.pdf\" class=\"wp-block-file__button\" download>Herunterladen<\/a><\/div>\n","protected":false},"excerpt":{"rendered":"<p>Materialien, die sich sprachvergleichend mit Buchstaben besch\u00e4ftigen.<\/p>\n","protected":false},"author":2,"featured_media":384,"comment_status":"closed","ping_status":"open","sticky":false,"template":"","format":"standard","meta":{"footnotes":""},"categories":[11,24],"tags":[42,63,64,65,28],"class_list":["post-269","post","type-post","status-publish","format-standard","has-post-thumbnail","hentry","category-material","category-mehrsprachigkeit","tag-arbeitsblaetter","tag-buchstaben","tag-griechisch","tag-kyrillisch","tag-sprachvergleich"],"_links":{"self":[{"href":"https:\/\/grupaed.uni-landau.de\/lingo-und-parla\/wp-json\/wp\/v2\/posts\/269","targetHints":{"allow":["GET"]}}],"collection":[{"href":"https:\/\/grupaed.uni-landau.de\/lingo-und-parla\/wp-json\/wp\/v2\/posts"}],"about":[{"href":"https:\/\/grupaed.uni-landau.de\/lingo-und-parla\/wp-json\/wp\/v2\/types\/post"}],"author":[{"embeddable":true,"href":"https:\/\/grupaed.uni-landau.de\/lingo-und-parla\/wp-json\/wp\/v2\/users\/2"}],"replies":[{"embeddable":true,"href":"https:\/\/grupaed.uni-landau.de\/lingo-und-parla\/wp-json\/wp\/v2\/comments?post=269"}],"version-history":[{"count":2,"href":"https:\/\/grupaed.uni-landau.de\/lingo-und-parla\/wp-json\/wp\/v2\/posts\/269\/revisions"}],"predecessor-version":[{"id":383,"href":"https:\/\/grupaed.uni-landau.de\/lingo-und-parla\/wp-json\/wp\/v2\/posts\/269\/revisions\/383"}],"wp:featuredmedia":[{"embeddable":true,"href":"https:\/\/grupaed.uni-landau.de\/lingo-und-parla\/wp-json\/wp\/v2\/media\/384"}],"wp:attachment":[{"href":"https:\/\/grupaed.uni-landau.de\/lingo-und-parla\/wp-json\/wp\/v2\/media?parent=269"}],"wp:term":[{"taxonomy":"category","embeddable":true,"href":"https:\/\/grupaed.uni-landau.de\/lingo-und-parla\/wp-json\/wp\/v2\/categories?post=269"},{"taxonomy":"post_tag","embeddable":true,"href":"https:\/\/grupaed.uni-landau.de\/lingo-und-parla\/wp-json\/wp\/v2\/tags?post=269"}],"curies":[{"name":"wp","href":"https:\/\/api.w.org\/{rel}","templated":true}]}}