{"id":529,"date":"2020-04-09T16:22:43","date_gmt":"2020-04-09T14:22:43","guid":{"rendered":"https:\/\/grupaed.uni-landau.de\/lingo-und-parla\/?p=529"},"modified":"2021-01-06T15:05:14","modified_gmt":"2021-01-06T14:05:14","slug":"frohe-ostern","status":"publish","type":"post","link":"https:\/\/grupaed.uni-landau.de\/lingo-und-parla\/material\/frohe-ostern\/","title":{"rendered":"Frohe Ostern"},"content":{"rendered":"\n<p>Wie wird Ostern weltweit gefeiert? Und wie w\u00fcnscht man sich in anderen Sprachen eigentlich &#8222;Frohe Ostern&#8220;? Das Material fordert zu einer interkulturellen und sprachlichen Auseinandersetzung auf und kann als Erg\u00e4nzung im Unterricht eingesetzt oder als Freiarbeitsaufgabe gestellt werden. Hilfsmittel wie W\u00f6rterb\u00fccher, Lexika und Internetportale sollten zus\u00e4tzlich bereitgestellt werden.<\/p>\n\n\n\n<div class=\"wp-block-file\"><a href=\"https:\/\/grupaed.uni-landau.de\/lingo-und-parla\/wp-content\/uploads\/2020\/04\/Frohe-Ostern.pdf\">Frohe-Ostern<\/a><a href=\"https:\/\/grupaed.uni-landau.de\/lingo-und-parla\/wp-content\/uploads\/2020\/04\/Frohe-Ostern.pdf\" class=\"wp-block-file__button\" download>Herunterladen<\/a><\/div>\n\n\n\n<div class=\"wp-block-file\"><a href=\"https:\/\/grupaed.uni-landau.de\/lingo-und-parla\/wp-content\/uploads\/2020\/04\/Ostern-weltweit.pdf\">Ostern-weltweit<\/a><a href=\"https:\/\/grupaed.uni-landau.de\/lingo-und-parla\/wp-content\/uploads\/2020\/04\/Ostern-weltweit.pdf\" class=\"wp-block-file__button\" download>Herunterladen<\/a><\/div>\n","protected":false},"excerpt":{"rendered":"<p>Das Material fordert u.a. zu einer interkulturellen und sprachlichen Aueinandersetzung auf.<\/p>\n","protected":false},"author":2,"featured_media":532,"comment_status":"closed","ping_status":"open","sticky":false,"template":"","format":"standard","meta":{"footnotes":""},"categories":[25,11,24],"tags":[42,33,77,35,41,36,52,34],"class_list":["post-529","post","type-post","status-publish","format-standard","has-post-thumbnail","hentry","category-fachunterricht","category-material","category-mehrsprachigkeit","tag-arbeitsblaetter","tag-englisch","tag-feiertage","tag-franzoesisch","tag-mehrsprachigkeit","tag-niederlaendisch","tag-ostern","tag-spanisch"],"_links":{"self":[{"href":"https:\/\/grupaed.uni-landau.de\/lingo-und-parla\/wp-json\/wp\/v2\/posts\/529","targetHints":{"allow":["GET"]}}],"collection":[{"href":"https:\/\/grupaed.uni-landau.de\/lingo-und-parla\/wp-json\/wp\/v2\/posts"}],"about":[{"href":"https:\/\/grupaed.uni-landau.de\/lingo-und-parla\/wp-json\/wp\/v2\/types\/post"}],"author":[{"embeddable":true,"href":"https:\/\/grupaed.uni-landau.de\/lingo-und-parla\/wp-json\/wp\/v2\/users\/2"}],"replies":[{"embeddable":true,"href":"https:\/\/grupaed.uni-landau.de\/lingo-und-parla\/wp-json\/wp\/v2\/comments?post=529"}],"version-history":[{"count":1,"href":"https:\/\/grupaed.uni-landau.de\/lingo-und-parla\/wp-json\/wp\/v2\/posts\/529\/revisions"}],"predecessor-version":[{"id":533,"href":"https:\/\/grupaed.uni-landau.de\/lingo-und-parla\/wp-json\/wp\/v2\/posts\/529\/revisions\/533"}],"wp:featuredmedia":[{"embeddable":true,"href":"https:\/\/grupaed.uni-landau.de\/lingo-und-parla\/wp-json\/wp\/v2\/media\/532"}],"wp:attachment":[{"href":"https:\/\/grupaed.uni-landau.de\/lingo-und-parla\/wp-json\/wp\/v2\/media?parent=529"}],"wp:term":[{"taxonomy":"category","embeddable":true,"href":"https:\/\/grupaed.uni-landau.de\/lingo-und-parla\/wp-json\/wp\/v2\/categories?post=529"},{"taxonomy":"post_tag","embeddable":true,"href":"https:\/\/grupaed.uni-landau.de\/lingo-und-parla\/wp-json\/wp\/v2\/tags?post=529"}],"curies":[{"name":"wp","href":"https:\/\/api.w.org\/{rel}","templated":true}]}}