{"id":776,"date":"2021-11-24T10:09:04","date_gmt":"2021-11-24T09:09:04","guid":{"rendered":"https:\/\/grupaed.uni-landau.de\/lingo-und-parla\/?p=776"},"modified":"2024-11-27T11:36:28","modified_gmt":"2024-11-27T10:36:28","slug":"busfahrt-ins-ungewisse","status":"publish","type":"post","link":"https:\/\/grupaed.uni-landau.de\/lingo-und-parla\/material\/busfahrt-ins-ungewisse\/","title":{"rendered":"Busfahrt ins Ungewisse"},"content":{"rendered":"\n<p style=\"font-size:18px\"><span class=\"has-inline-color has-luminous-vivid-orange-color\"><\/span><\/p>\n\n\n\n<div class=\"wp-block-media-text alignwide is-stacked-on-mobile\" style=\"grid-template-columns:29% auto\"><figure class=\"wp-block-media-text__media\"><img loading=\"lazy\" decoding=\"async\" width=\"1024\" height=\"1024\" src=\"https:\/\/grupaed.uni-landau.de\/lingo-und-parla\/wp-content\/uploads\/2021\/11\/Bildschirmfoto-2021-11-24-um-10.06.06-1024x1024.png\" alt=\"\" class=\"wp-image-778 size-full\" srcset=\"https:\/\/grupaed.uni-landau.de\/lingo-und-parla\/wp-content\/uploads\/2021\/11\/Bildschirmfoto-2021-11-24-um-10.06.06-1024x1024.png 1024w, https:\/\/grupaed.uni-landau.de\/lingo-und-parla\/wp-content\/uploads\/2021\/11\/Bildschirmfoto-2021-11-24-um-10.06.06-300x300.png 300w, https:\/\/grupaed.uni-landau.de\/lingo-und-parla\/wp-content\/uploads\/2021\/11\/Bildschirmfoto-2021-11-24-um-10.06.06-150x150.png 150w, https:\/\/grupaed.uni-landau.de\/lingo-und-parla\/wp-content\/uploads\/2021\/11\/Bildschirmfoto-2021-11-24-um-10.06.06-768x768.png 768w, https:\/\/grupaed.uni-landau.de\/lingo-und-parla\/wp-content\/uploads\/2021\/11\/Bildschirmfoto-2021-11-24-um-10.06.06.png 1196w\" sizes=\"auto, (max-width: 1024px) 100vw, 1024px\" \/><\/figure><div class=\"wp-block-media-text__content\">\n<h2 class=\"has-luminous-vivid-orange-color has-text-color wp-block-heading\"><strong>Busfahrt ins Ungewisse<\/strong><\/h2>\n\n\n\n<p class=\"has-normal-font-size\"><span class=\"has-inline-color has-luminous-vivid-orange-color\">von Chalatbarie, Farideh (Autor\/in), Chosrawani, Scharareh (Illustrator\/in) und Steinke, Wolfgang (\u00dcbersetzer\/in)<\/span><\/p>\n\n\n\n<p class=\"has-normal-font-size\"><span class=\"has-inline-color has-luminous-vivid-orange-color\">2012<\/span><\/p>\n\n\n\n<p class=\"has-normal-font-size\"><span class=\"has-inline-color has-luminous-vivid-orange-color\">Altersempfehlung: ab 7 Jahren<\/span><\/p>\n\n\n\n<p class=\"has-normal-font-size\"><span class=\"has-inline-color has-luminous-vivid-orange-color\"><strong>Preis: 16,90 Euro<\/strong><\/span> <\/p>\n\n\n\n<div style=\"height:55px\" aria-hidden=\"true\" class=\"wp-block-spacer\"><\/div>\n\n\n\n<div class=\"wp-block-file\"><a href=\"https:\/\/grupaed.uni-landau.de\/lingo-und-parla\/wp-content\/uploads\/2021\/11\/Buchvorstellung_Busfahrt-ins-Ungewisse.pdf\">Buchvorstellung_Busfahrt-ins-Ungewisse<\/a><a href=\"https:\/\/grupaed.uni-landau.de\/lingo-und-parla\/wp-content\/uploads\/2021\/11\/Buchvorstellung_Busfahrt-ins-Ungewisse.pdf\" class=\"wp-block-file__button\" download>Herunterladen<\/a><\/div>\n<\/div><\/div>\n\n\n\n<div style=\"height:40px\" aria-hidden=\"true\" class=\"wp-block-spacer\"><\/div>\n\n\n\n<h2 class=\"wp-block-heading\"><strong>Worum geht es in dem Buch?<\/strong><\/h2>\n\n\n\n<p class=\"has-text-align-left\">\u201eBusfahrt ins Ungewisse\u201c ist ein Bilderbuch \u00fcber Schuld und Verantwortung. Bei diesem Buch handelt es sich um eine zweisprachige Ausgabe in Deutsch-Persisch. Die \u00dcbersetzung aus dem Persischen \u00fcbernahm Wolfgang Steinke. In dem Buch werden unterschiedliche Themen, wie z. B. Schuld und Verantwortung, Leben und Tod, H\u00f6lle und Paradies auf eine kindgerechte und unbefangene Art angegangen. In der Geschichte geht es um einen jungen Busfahrer, der den Auftrag erh\u00e4lt, verstorbene Passagiere in die H\u00f6lle zu bringen. Die Fahrg\u00e4ste unterhalten sich \u00fcber die begangene Schuld, die sie in die jetzige Lage gef\u00fchrt hat. Und der Fahrer? Nun muss er entscheiden, welches Ziel er an der Weggabelung zwischen der H\u00f6lle und dem Paradies f\u00fcr seine Fahrg\u00e4ste w\u00e4hlt.<br>\u201eBusfahrt ins Ungewisse\u201c ist eine&nbsp;Bildergeschichte aus dem Orient, deren Inhalt mit farbenkr\u00e4ftigen fantasiereichen Illustrationen von Scharareh Chosrawani erg\u00e4nzt wird. Der Bus wird in Farbt\u00f6nen dargestellt, die sich stets wechseln und dadurch die Fantasie der Kinder wecken. Die Fahrt mit dem Bus wird von kleinen wei\u00dfen Wesen begleitet, die mal wie Schmetterlinge, mal wie Elfen oder Seelenv\u00f6gel aussehen. Das Besondere an diesem Buch ist, dass es gem\u00e4\u00df der Leserichtung der arabischen Schrift von hinten nach vorne gelesen wird. Die Titelseite markiert folglich das Buchende.<\/p>\n\n\n\n<div style=\"height:30px\" aria-hidden=\"true\" class=\"wp-block-spacer\"><\/div>\n\n\n\n<h2 class=\"wp-block-heading\"><strong>Wie kann man das Buch im Unterricht nutzen?<\/strong><\/h2>\n\n\n\n<p class=\"has-text-align-left\">\u201eBusfahrt ins Ungewisse\u201c ist ein Buch, das sich vielseitig und f\u00e4cher\u00fcbergreifend verwenden l\u00e4sst. Es ist f\u00fcr den Einsatz im Deutschunterricht oder in der DaZ-F\u00f6rderung \u2013 und hier f\u00fcr Gruppen-, Paar- und Einzelarbeit \u2013 als auch f\u00fcr die F\u00e4cher Religion und Ethik geeignet. Durch die Vielfalt der abstrakten und bunten Illustrationen und durch einen fantasiereichen Inhalt regt das Buch Kinder an, mit- und weiter zu denken. Das empfohlene Alter 7 Jahre soll keine Altersgrenzen festsetzen, denn das Buch l\u00e4sst sich in jedem Alter gut lesen und greift Fragen auf, die Kinder auch stellen. Durch die zweisprachige Darstellung sind sowohl die Erstsprache Persisch als auch die Zweitsprache Deutsch f\u00fcr mehrsprachige Leserinnen zugreifbar. In Bezug auf die F\u00e4cher Ethik und Religion setzt sich das Buch fantasievoll und einf\u00fchlsam mit dem gro\u00dfen Themenkontext \u201eLeben und Tod\u201c auseinander.<\/p>\n\n\n\n<div style=\"height:30px\" aria-hidden=\"true\" class=\"wp-block-spacer\"><\/div>\n\n\n\n<h2 class=\"wp-block-heading\"><strong>Was k\u00f6nnen sich Lerner:innen aneignen?<\/strong><\/h2>\n\n\n\n<ul class=\"wp-block-list\"><li>Die Kinder&nbsp;haben die M\u00f6glichkeit,&nbsp;sich mit&nbsp;ethischen Fragen zu Leben und Tod&nbsp;auseinanderzusetzen.&nbsp;<\/li><li>Der&nbsp;fantasievolle Inhalt, die au\u00dfergew\u00f6hnliche persische Schrift und die M\u00f6glichkeit das&nbsp;Buch von hinten nach&nbsp;vorne&nbsp;zu lesen&nbsp;wecken&nbsp;au\u00dferdem das Interesse an&nbsp;der&nbsp;Kultur und&nbsp;der&nbsp;Sprache&nbsp;der&nbsp;orientalischenWelt.&nbsp;<\/li><li>Durch die Anregung zum&nbsp;Mit-&nbsp;und Weiterdenken beim (Vor-)Lesen&nbsp;haben Kinder die&nbsp;M\u00f6glichkeit, sich mit&nbsp;zentralen Fragen des Lebens auseinanderzusetzen.&nbsp;<\/li><\/ul>\n\n\n\n<p><\/p>\n","protected":false},"excerpt":{"rendered":"<p>\u201eBusfahrt ins Ungewisse\u201c ist eine Bildergeschichte aus dem Orient, deren Inhalt mit farbenkr\u00e4ftigen fantasiereichen Illustrationen von Scharareh Chosrawani erg\u00e4nzt wird. Der Bus wird in Farbt\u00f6nen dargestellt, die sich stets wechseln und dadurch die Fantasie der Kinder wecken. <\/p>\n","protected":false},"author":2,"featured_media":778,"comment_status":"closed","ping_status":"open","sticky":false,"template":"","format":"standard","meta":{"footnotes":""},"categories":[96,11],"tags":[98,99,8,16,7,105,106,107],"class_list":["post-776","post","type-post","status-publish","format-standard","has-post-thumbnail","hentry","category-buchvorstellung","category-material","tag-bilderbuch","tag-buchvorstellung","tag-daz","tag-deutsch","tag-deutschunterricht","tag-persisch","tag-schuld","tag-verantwortung"],"_links":{"self":[{"href":"https:\/\/grupaed.uni-landau.de\/lingo-und-parla\/wp-json\/wp\/v2\/posts\/776","targetHints":{"allow":["GET"]}}],"collection":[{"href":"https:\/\/grupaed.uni-landau.de\/lingo-und-parla\/wp-json\/wp\/v2\/posts"}],"about":[{"href":"https:\/\/grupaed.uni-landau.de\/lingo-und-parla\/wp-json\/wp\/v2\/types\/post"}],"author":[{"embeddable":true,"href":"https:\/\/grupaed.uni-landau.de\/lingo-und-parla\/wp-json\/wp\/v2\/users\/2"}],"replies":[{"embeddable":true,"href":"https:\/\/grupaed.uni-landau.de\/lingo-und-parla\/wp-json\/wp\/v2\/comments?post=776"}],"version-history":[{"count":28,"href":"https:\/\/grupaed.uni-landau.de\/lingo-und-parla\/wp-json\/wp\/v2\/posts\/776\/revisions"}],"predecessor-version":[{"id":849,"href":"https:\/\/grupaed.uni-landau.de\/lingo-und-parla\/wp-json\/wp\/v2\/posts\/776\/revisions\/849"}],"wp:featuredmedia":[{"embeddable":true,"href":"https:\/\/grupaed.uni-landau.de\/lingo-und-parla\/wp-json\/wp\/v2\/media\/778"}],"wp:attachment":[{"href":"https:\/\/grupaed.uni-landau.de\/lingo-und-parla\/wp-json\/wp\/v2\/media?parent=776"}],"wp:term":[{"taxonomy":"category","embeddable":true,"href":"https:\/\/grupaed.uni-landau.de\/lingo-und-parla\/wp-json\/wp\/v2\/categories?post=776"},{"taxonomy":"post_tag","embeddable":true,"href":"https:\/\/grupaed.uni-landau.de\/lingo-und-parla\/wp-json\/wp\/v2\/tags?post=776"}],"curies":[{"name":"wp","href":"https:\/\/api.w.org\/{rel}","templated":true}]}}