{"id":905,"date":"2022-03-08T14:49:27","date_gmt":"2022-03-08T13:49:27","guid":{"rendered":"https:\/\/grupaed.uni-landau.de\/lingo-und-parla\/?p=905"},"modified":"2024-11-27T11:41:45","modified_gmt":"2024-11-27T10:41:45","slug":"das-kleine-farben-einmaleins","status":"publish","type":"post","link":"https:\/\/grupaed.uni-landau.de\/lingo-und-parla\/material\/das-kleine-farben-einmaleins\/","title":{"rendered":"Das kleine Farben-Einmaleins"},"content":{"rendered":"\n<div class=\"wp-block-media-text alignwide is-stacked-on-mobile\" style=\"grid-template-columns:29% auto\"><figure class=\"wp-block-media-text__media\"><img loading=\"lazy\" decoding=\"async\" width=\"600\" height=\"600\" src=\"https:\/\/grupaed.uni-landau.de\/lingo-und-parla\/wp-content\/uploads\/2022\/03\/das-kleine-farben-einmaleins-310433207.webp\" alt=\"\" class=\"wp-image-907 size-full\"\/><\/figure><div class=\"wp-block-media-text__content\">\n<h2 class=\"has-luminous-vivid-orange-color has-text-color wp-block-heading\"><strong>Das kleine Farben-Einmaleins<\/strong><\/h2>\n\n\n\n<p class=\"has-normal-font-size\"><span class=\"has-inline-color has-luminous-vivid-orange-color\">von Reinhardt Ehgartner und Helga Banisch<\/span><\/p>\n\n\n\n<p class=\"has-normal-font-size\"><span class=\"has-inline-color has-luminous-vivid-orange-color\">2021<\/span><\/p>\n\n\n\n<p class=\"has-normal-font-size\"><span class=\"has-inline-color has-luminous-vivid-orange-color\">Altersempfehlung: 2-4 Jahre<\/span><\/p>\n\n\n\n<p class=\"has-normal-font-size\"><span class=\"has-inline-color has-luminous-vivid-orange-color\"><strong>Preis: 9,95 Euro<\/strong><\/span> <\/p>\n\n\n\n<div style=\"height:55px\" aria-hidden=\"true\" class=\"wp-block-spacer\"><\/div>\n\n\n\n<div class=\"wp-block-file\"><a href=\"https:\/\/grupaed.uni-landau.de\/lingo-und-parla\/wp-content\/uploads\/2022\/03\/Das-kleine-Farben-Einmaleins.pdf\">Das-kleine-Farben-Einmaleins<\/a><a href=\"https:\/\/grupaed.uni-landau.de\/lingo-und-parla\/wp-content\/uploads\/2022\/03\/Das-kleine-Farben-Einmaleins.pdf\" class=\"wp-block-file__button\" download>Herunterladen<\/a><\/div>\n<\/div><\/div>\n\n\n\n<div style=\"height:40px\" aria-hidden=\"true\" class=\"wp-block-spacer\"><\/div>\n\n\n\n<h2 class=\"wp-block-heading\"><strong>Worum geht es in dem Buch?<\/strong><\/h2>\n\n\n\n<p>Das Kinderbuch \u201eDas kleine Farben-Einmaleins\u201c ist ein mehrsprachiges Buch f\u00fcr junge Leser:innen und besch\u00e4ftigt sich mit Farben, Tieren und Zahlen von eins bis sieben. Jedes Tier gibt es auf den Buchseiten in einer anderen Anzahl, so dass Kinder die M\u00f6glichkeit haben, die Tiere eigenst\u00e4ndig zu suchen, zu benennen und zu z\u00e4hlen. In den gereimten Texten, die es in den Sprachen Deutsch, Englisch, Arabisch, Kroatisch-Bosnisch-Serbisch-Montenegrinisch gibt, werden die jeweilige n Tiere vorgestellt. Deren Namen m\u00fcssen Kinder aber selbst erraten, denn sie tauchen im Text nicht auf. Die farbenfrohen Bilder von Helga Bansch runden die Buchseiten ab.<br>Das Buch ist insbesondere f\u00fcr die fr\u00fche F\u00f6rderung empfehlenswert. Kinder erfahren im Umgang mit dem Buch fr\u00fch, dass es unterschiedliche Sprachen gibt, die auch unterschiedliche Schriftsysteme haben. So kann bereits mit jungen Kindern \u00fcber (sprachliche) Vielfalt gesprochen werden.<\/p>\n\n\n\n<div style=\"height:30px\" aria-hidden=\"true\" class=\"wp-block-spacer\"><\/div>\n\n\n\n<h2 class=\"wp-block-heading\"><strong>Wie kann man das Buch im Unterricht nutzen?<\/strong><\/h2>\n\n\n\n<p class=\"has-text-align-left\">Das Buch \u201eDas kleine Farben-Einmaleins\u201c ist ein Bilderbuch, das in der fr\u00fchen Sprachf\u00f6rderung genutzt werden kann. In der Grundschule kann es eingesetzt werden, um Gemeinsamkeiten und Unterschiede von Sprachen entdecken zu lassen. Hier w\u00fcrden sich Reflexionen sowohl auf der Ebene der Schrift als auch auf der Wortebene anbieten: Wie ist die Leserichtung im Arabischen und wie im T\u00fcrkischen oder Deutschen? Kann man an der Wortform erkennen, um welches Wort es sich handelt? Wie hei\u00dft Katze im T\u00fcrkischen, Deutschen, Arabischen? Gibt es Gemeinsamkeiten und\/ oder Unterschiede?<br>F\u00fcr \u00e4ltere Kinder kann es als Anregung dienen, um Zahlen, die \u00fcber die Zahl 7 hinausgehen in verschiedenen Sprachen zu thematisieren. Auch die Gestaltung eines eigenen mehrsprachigen Zahlenbuches in den Sprachen der Kinder ist m\u00f6glich. Das Buch bietet viel Freiraum, denn es gibt Dinge zu entdecken und zu z\u00e4hlen, was wiederum Impulse f\u00fcr Gespr\u00e4chsanl\u00e4sse und freies Sprechen anbietet.<br>Das Buch bietet zudem die M\u00f6glichkeit, die mehrsprachigen Verse von den Muttersprachler:innen vorgelesen zu bekommen, z.B. im Herkunftssprachenunterricht, von Eltern, Geschwistern, etc. Die Kinder erfahren auf diese Weise, dass die gereimten Texte den gleichen Inhalt haben, obwohl sie ganz unterschiedlich klingen.<\/p>\n\n\n\n<div style=\"height:30px\" aria-hidden=\"true\" class=\"wp-block-spacer\"><\/div>\n\n\n\n<h2 class=\"wp-block-heading\"><strong>Was k\u00f6nnen sich Lerner:innen aneignen?<\/strong><\/h2>\n\n\n\n<ul class=\"wp-block-list\"><li>J\u00fcngere Kinder k\u00f6nnen mit diesem Buch ihren Wortschatz (Tiere, und Zahlen) erweitern.<\/li><li>\u00c4ltere Kinder lernen den kleinen, bewussten &#8222;Unstimmigkeiten&#8220; auf die Spur zu kommen z.B. die Maus auf jeder Seite suchen und einige kinderliterarische Zitate entdecken.<\/li><li>Auch das Gesp\u00fcr f\u00fcr Reim und Rhythmus kann bereits bei j\u00fcngeren Kindern geschult werden.<\/li><li>Das Medium bietet die M\u00f6glichkeit, die schon bekannten Reime in einer Fremdsprache zu erleben und st\u00e4rkt somit das Interesse an den anderen Sprachen.<\/li><li>Das Medium f\u00f6rdert Mehrsprachigkeit und sensibilisiert f\u00fcr sprachliche Vielfalt.<\/li><\/ul>\n","protected":false},"excerpt":{"rendered":"<p>Das Kinderbuch \u201eDas kleine Farben-Einmaleins\u201c ist ein mehrsprachiges Buch f\u00fcr junge Leser:innen und besch\u00e4ftigt sich mit Farben, Tieren und Zahlen von eins bis sieben. <\/p>\n","protected":false},"author":2,"featured_media":907,"comment_status":"closed","ping_status":"open","sticky":false,"template":"","format":"standard","meta":{"footnotes":""},"categories":[96,11],"tags":[90,98,99,16,7,33,112,41],"class_list":["post-905","post","type-post","status-publish","format-standard","has-post-thumbnail","hentry","category-buchvorstellung","category-material","tag-arabisch","tag-bilderbuch","tag-buchvorstellung","tag-deutsch","tag-deutschunterricht","tag-englisch","tag-kreatisch-bosnich-serbisch-montenegrisch","tag-mehrsprachigkeit"],"_links":{"self":[{"href":"https:\/\/grupaed.uni-landau.de\/lingo-und-parla\/wp-json\/wp\/v2\/posts\/905","targetHints":{"allow":["GET"]}}],"collection":[{"href":"https:\/\/grupaed.uni-landau.de\/lingo-und-parla\/wp-json\/wp\/v2\/posts"}],"about":[{"href":"https:\/\/grupaed.uni-landau.de\/lingo-und-parla\/wp-json\/wp\/v2\/types\/post"}],"author":[{"embeddable":true,"href":"https:\/\/grupaed.uni-landau.de\/lingo-und-parla\/wp-json\/wp\/v2\/users\/2"}],"replies":[{"embeddable":true,"href":"https:\/\/grupaed.uni-landau.de\/lingo-und-parla\/wp-json\/wp\/v2\/comments?post=905"}],"version-history":[{"count":3,"href":"https:\/\/grupaed.uni-landau.de\/lingo-und-parla\/wp-json\/wp\/v2\/posts\/905\/revisions"}],"predecessor-version":[{"id":1408,"href":"https:\/\/grupaed.uni-landau.de\/lingo-und-parla\/wp-json\/wp\/v2\/posts\/905\/revisions\/1408"}],"wp:featuredmedia":[{"embeddable":true,"href":"https:\/\/grupaed.uni-landau.de\/lingo-und-parla\/wp-json\/wp\/v2\/media\/907"}],"wp:attachment":[{"href":"https:\/\/grupaed.uni-landau.de\/lingo-und-parla\/wp-json\/wp\/v2\/media?parent=905"}],"wp:term":[{"taxonomy":"category","embeddable":true,"href":"https:\/\/grupaed.uni-landau.de\/lingo-und-parla\/wp-json\/wp\/v2\/categories?post=905"},{"taxonomy":"post_tag","embeddable":true,"href":"https:\/\/grupaed.uni-landau.de\/lingo-und-parla\/wp-json\/wp\/v2\/tags?post=905"}],"curies":[{"name":"wp","href":"https:\/\/api.w.org\/{rel}","templated":true}]}}